[{"@context":"https:\/\/schema.org\/","@type":"Article","@id":"https:\/\/www.sikimiki.cz\/cim-vas-prekvapi-umely-buxus\/#Article","mainEntityOfPage":"https:\/\/www.sikimiki.cz\/cim-vas-prekvapi-umely-buxus\/","headline":"\u010c\u00edm v\u00e1s p\u0159ekvap\u00ed um\u011bl\u00fd buxus","name":"\u010c\u00edm v\u00e1s p\u0159ekvap\u00ed um\u011bl\u00fd buxus","description":"Buxus neboli zimostr\u00e1z pat\u0159\u00ed k nejkr\u00e1sn\u011bj\u0161\u00edm dekorativn\u00edm rostlin\u00e1m. Pom\u011brn\u011b \u010dasto se s n\u00edm setk\u00e1me v podob\u011b \u017eiv\u00fdch plot\u016f v z\u00e1meck\u00fdch zahrad\u00e1ch, ale i v rekrea\u010dn\u00edch chatov\u00fdch oblastech a na parcel\u00e1ch rodinn\u00fdch dom\u016f. Lze jej libovoln\u011b zast\u0159ih\u00e1vat, anebo jej ponechat v p\u016fvodn\u00edm tvaru, \u010d\u00edm\u017e naopak d\u00e1v\u00e1te rostlin\u011b p\u0159\u00edle\u017eitost \u017e\u00edt si p\u0159irozen\u011b po sv\u00e9m podle m\u00edstn\u00edch podm\u00ednek. Tato n\u00e1dhern\u00e1 rostlina v\u0161ak v posledn\u00ed dob\u011b velmi trp\u00ed houbov\u00fdm onemocn\u011bn\u00edm Mycosphaerella patouillardi anebo je napad\u00e1na housenkami zav\u00edje\u010de zimostr\u00e1zov\u00e9ho, a tak se m\u016f\u017ee st\u00e1t, \u017ee po n\u011bkolika letech p\u0159irozen\u00e9 kr\u00e1sy, kter\u00e1 lahod\u00ed va\u0161emu oku a nav\u00edc vn\u00e1\u0161\u00ed do okoln\u00edho prost\u0159ed\u00ed spoustu energie, p\u0159ich\u00e1z\u00ed roz\u010darov\u00e1n\u00ed v podob\u011b usychaj\u00edc\u00edch list\u016f a odum\u00edraj\u00edc\u00edho ke\u0159e. N\u011bkte\u0159\u00ed lid\u00e9 se v\u0161ak necht\u011bj\u00ed sm\u00ed\u0159it s t\u00edmto smutn\u00fdm faktem a vyrovn\u00e1vaj\u00ed se s n\u00edm po sv\u00e9m \u2013 po\u0159izuj\u00ed si um\u011bl\u00fd buxus, kter\u00fd za \u017e\u00e1dn\u00fdch okolnost\u00ed nep\u0159ijde k \u00fahon\u011b. Jak\u00e9 jsou v\u00fdhody tohoto \u0159e\u0161en\u00ed? Je t\u00e9m\u011b\u0159 nerozeznateln\u00fd od \u017eiv\u00e9 rostliny \u2013 v\u00fdrobci um\u011bl\u00fdch rostlin dovedou v sou\u010dasn\u00e9 dob\u011b p\u0159ekvapit mnoha skute\u010dn\u011b zaj\u00edmav\u00fdmi a n\u00e1dhern\u00fdmi exempl\u00e1\u0159i, mezi nimi\u017e se nach\u00e1z\u00ed i buxus. St\u011b\u017e\u00ed jej rozezn\u00e1te od \u017eiv\u00e9ho organismu. Odol\u00e1v\u00e1 pov\u011btrnostn\u00edm vliv\u016fm \u2013 um\u011bl\u00e9mu buxusu nevad\u00ed prudk\u00e9 slunce, p\u0159e\u017eije obdob\u00ed sucha, a je mu \u00fapln\u011b jedno, zda lije jako z konve, je bou\u0159ka a krupobit\u00ed, anebo venku nasn\u011b\u017e\u00ed metr sn\u011bhu a mrzne, a\u017e pra\u0161t\u00ed. Klidn\u011b jej m\u016f\u017eete ponechat po cel\u00fd rok na terase a bude tu kr\u00e1\u0161lit prost\u0159ed\u00ed 24 hodin denn\u011b. Hod\u00ed se pro slavnostn\u00ed okam\u017eiky \u2013 buxus se vyu\u017e\u00edv\u00e1 pro v\u00fdzdobu slavnostn\u00edch chvil a lze jej m\u00edt jako dekoraci p\u0159i svatb\u00e1ch, narozeninov\u00fdch oslav\u00e1ch, promoc\u00edch, maturitn\u00edch ve\u010d\u00edrc\u00edch, setk\u00e1n\u00edch spolu\u017e\u00e1k\u016f, na zlat\u00fdch svatb\u00e1ch, na d\u011btsk\u00fdch oslav\u00e1ch, jmenin\u00e1ch a dal\u0161\u00edch v\u00fdznamn\u00fdch \u017eivotn\u00edch v\u00fdro\u010d\u00edch. Z\u00e1rove\u0148 jej vyu\u017eijete i v byt\u011b anebo na balkon\u011b \u010di lod\u017eii.","datePublished":"2022-10-24","dateModified":"2023-05-03","author":{"@type":"Person","@id":"https:\/\/www.sikimiki.cz\/author\/#Person","name":"","url":"https:\/\/www.sikimiki.cz\/author\/","identifier":1,"image":{"@type":"ImageObject","@id":"https:\/\/secure.gravatar.com\/avatar\/4e1219daed488a40aaae5f3a36d7a332441b6e7a97d465811f6633d3359f64e8?s=96&d=mm&r=g","url":"https:\/\/secure.gravatar.com\/avatar\/4e1219daed488a40aaae5f3a36d7a332441b6e7a97d465811f6633d3359f64e8?s=96&d=mm&r=g","height":96,"width":96}},"publisher":{"@type":"Organization","name":"sikimiki.cz","logo":{"@type":"ImageObject","@id":"\/logo.png","url":"\/logo.png","width":600,"height":60}},"image":{"@type":"ImageObject","@id":"https:\/\/www.sikimiki.cz\/wp-content\/uploads\/book-ge7d647897_640.jpg","url":"https:\/\/www.sikimiki.cz\/wp-content\/uploads\/book-ge7d647897_640.jpg","height":0,"width":0},"url":"https:\/\/www.sikimiki.cz\/cim-vas-prekvapi-umely-buxus\/","about":["Ekonomika"],"wordCount":406,"articleBody":"      Buxus neboli zimostr\u00e1z pat\u0159\u00ed k nejkr\u00e1sn\u011bj\u0161\u00edm dekorativn\u00edm rostlin\u00e1m. Pom\u011brn\u011b \u010dasto se s n\u00edm setk\u00e1me v podob\u011b \u017eiv\u00fdch plot\u016f v z\u00e1meck\u00fdch zahrad\u00e1ch, ale i v rekrea\u010dn\u00edch chatov\u00fdch oblastech a na parcel\u00e1ch rodinn\u00fdch dom\u016f. Lze jej libovoln\u011b zast\u0159ih\u00e1vat, anebo jej ponechat v p\u016fvodn\u00edm tvaru, \u010d\u00edm\u017e naopak d\u00e1v\u00e1te rostlin\u011b p\u0159\u00edle\u017eitost \u017e\u00edt si p\u0159irozen\u011b po sv\u00e9m podle m\u00edstn\u00edch podm\u00ednek.Tato n\u00e1dhern\u00e1 rostlina v\u0161ak v posledn\u00ed dob\u011b velmi trp\u00ed houbov\u00fdm onemocn\u011bn\u00edm Mycosphaerella patouillardi anebo je napad\u00e1na housenkami zav\u00edje\u010de zimostr\u00e1zov\u00e9ho, a tak se m\u016f\u017ee st\u00e1t, \u017ee po n\u011bkolika letech p\u0159irozen\u00e9 kr\u00e1sy, kter\u00e1 lahod\u00ed va\u0161emu oku a nav\u00edc vn\u00e1\u0161\u00ed do okoln\u00edho prost\u0159ed\u00ed spoustu energie, p\u0159ich\u00e1z\u00ed roz\u010darov\u00e1n\u00ed v podob\u011b usychaj\u00edc\u00edch list\u016f a odum\u00edraj\u00edc\u00edho ke\u0159e.N\u011bkte\u0159\u00ed lid\u00e9 se v\u0161ak necht\u011bj\u00ed sm\u00ed\u0159it s t\u00edmto smutn\u00fdm faktem a vyrovn\u00e1vaj\u00ed se s n\u00edm po sv\u00e9m \u2013 po\u0159izuj\u00ed si um\u011bl\u00fd buxus, kter\u00fd za \u017e\u00e1dn\u00fdch okolnost\u00ed nep\u0159ijde k \u00fahon\u011b. Jak\u00e9 jsou v\u00fdhody tohoto \u0159e\u0161en\u00ed?Je t\u00e9m\u011b\u0159 nerozeznateln\u00fd od \u017eiv\u00e9 rostliny \u2013 v\u00fdrobci um\u011bl\u00fdch rostlin dovedou v sou\u010dasn\u00e9 dob\u011b p\u0159ekvapit mnoha skute\u010dn\u011b zaj\u00edmav\u00fdmi a n\u00e1dhern\u00fdmi exempl\u00e1\u0159i, mezi nimi\u017e se nach\u00e1z\u00ed i buxus. St\u011b\u017e\u00ed jej rozezn\u00e1te od \u017eiv\u00e9ho organismu.Odol\u00e1v\u00e1 pov\u011btrnostn\u00edm vliv\u016fm \u2013 um\u011bl\u00e9mu buxusu nevad\u00ed prudk\u00e9 slunce, p\u0159e\u017eije obdob\u00ed sucha, a je mu \u00fapln\u011b jedno, zda lije jako z konve, je bou\u0159ka a krupobit\u00ed, anebo venku nasn\u011b\u017e\u00ed metr sn\u011bhu a mrzne, a\u017e pra\u0161t\u00ed. Klidn\u011b jej m\u016f\u017eete ponechat po cel\u00fd rok na terase a bude tu kr\u00e1\u0161lit prost\u0159ed\u00ed 24 hodin denn\u011b.Hod\u00ed se pro slavnostn\u00ed okam\u017eiky \u2013 buxus se vyu\u017e\u00edv\u00e1 pro v\u00fdzdobu slavnostn\u00edch chvil a lze jej m\u00edt jako dekoraci p\u0159i svatb\u00e1ch, narozeninov\u00fdch oslav\u00e1ch, promoc\u00edch, maturitn\u00edch ve\u010d\u00edrc\u00edch, setk\u00e1n\u00edch spolu\u017e\u00e1k\u016f, na zlat\u00fdch svatb\u00e1ch, na d\u011btsk\u00fdch oslav\u00e1ch, jmenin\u00e1ch a dal\u0161\u00edch v\u00fdznamn\u00fdch \u017eivotn\u00edch v\u00fdro\u010d\u00edch. Z\u00e1rove\u0148 jej vyu\u017eijete i v byt\u011b anebo na balkon\u011b \u010di lod\u017eii.                                                                                                                                                                                                                                                                                                                                                                                                  "},{"@context":"https:\/\/schema.org\/","@type":"BreadcrumbList","itemListElement":[{"@type":"ListItem","position":1,"name":"\u010c\u00edm v\u00e1s p\u0159ekvap\u00ed um\u011bl\u00fd buxus","item":"https:\/\/www.sikimiki.cz\/cim-vas-prekvapi-umely-buxus\/#breadcrumbitem"}]}]